{"id":1413,"date":"2019-12-06T19:26:15","date_gmt":"2019-12-06T23:26:15","guid":{"rendered":"http:\/\/mincomercionacional.gob.ve\/?p=1413"},"modified":"2019-12-06T19:26:15","modified_gmt":"2019-12-06T23:26:15","slug":"ministerio-de-comercio-nacional-realizo-gobierno-de-calle-en-guarico-para-fortalecer-produccion","status":"publish","type":"post","link":"https:\/\/mincomercionacional.gob.ve\/?p=1413","title":{"rendered":"Ministerio de Comercio Nacional realiz\u00f3 gobierno de calle en Gu\u00e1rico para fortalecer producci\u00f3n"},"content":{"rendered":"<p>El Ministerio del Poder Popular de Comercio Nacional culmin\u00f3 este viernes una jornada de Gobierno de Calle en los municipios Miranda (Calabozo), Monagas (Altagracia de Orituco), Infante (Valle de la Pascua) y Roscio (San Juan de los Morros), del estado Gu\u00e1rico; d\u00f3nde brind\u00f3 atenci\u00f3n a 646 productores, comerciantes, emprendedores y empresarios.<\/p>\n<p>Durante la jornada, las instituciones: Fondo de Desarrollo para la Normalizaci\u00f3n, Calidad, Certificaci\u00f3n y Metrolog\u00eda (Fodenorca), Servicio Aut\u00f3nomo Nacional de Normalizaci\u00f3n, Calidad, Metrolog\u00eda y Reglamentos T\u00e9cnicos (Sencamer), Superintendencia Nacional de Gesti\u00f3n Agroalimentaria (Sunagro), Servicio Aut\u00f3nomo de Contralor\u00eda Sanitaria (Sacs), alcald\u00edas locales y Gobernaci\u00f3n del estado, brindaron informaci\u00f3n y agilizaron de tr\u00e1mites vinculados a la producci\u00f3n, comercio, movilizaci\u00f3n de mercanc\u00eda, entre otros.<\/p>\n<p>La ministra de Comercio Nacional, Eneida Laya, inform\u00f3 que las jornadas de calle continuar\u00e1n este a\u00f1o en los estados Portuguesa y Apure, en especial en los poblados productivos donde se dificulta la prestaci\u00f3n de servicios.<br \/>\n\u00abDebemos llegar, no s\u00f3lo a las capitales, tambi\u00e9n a los poblados distantes, a las comunas, consejos comunales\u00bb, exhort\u00f3.<\/p>\n<p>Agreg\u00f3 que las jornadas ser\u00e1n constantes durante su gesti\u00f3n para garantizar atenci\u00f3n r\u00e1pida y eficiente, sin burocratizaci\u00f3n, ni gestores.<\/p>\n<p>En esta actividad particip\u00f3 un equipo conformado por 30 servidores p\u00fablicos, quienes estuvieron desde el pasado 2 de diciembre hasta este viernes en plazas y espacios p\u00fablicos de los municipios Miranda, Monagas, Infante y Roscio de la entidad guarique\u00f1a.<\/p>\n<p>Durante las cinco jornadas, se brind\u00f3 atenci\u00f3n a un promedio de 129 empresarios diariamente, que recibieron consultas t\u00e9cnicas en lo relacionado a: verificaci\u00f3n de balanzas peri\u00f3dicas, inscripci\u00f3n, renovaci\u00f3n de c\u00f3digo y productos pre envasados, registro de empresas de manufactura, formaci\u00f3n, metrolog\u00eda industrial y activaci\u00f3n de c\u00f3digos para quienes realicen actividades productivas.<\/p>\n<p>Esta es la primera Jornada de Gobierno de Calle que se organiza durante la gesti\u00f3n de la ministra Eneida Laya, designada el pasado 23 de octubre.<br \/>\nLos eventos tienen el objetivo de incorporar a emprendedores, productores locales y nuevos actores econ\u00f3micos a los procesos de comercializaci\u00f3n.<\/p>\n","protected":false},"excerpt":{"rendered":"<p>El Ministerio del Poder Popular de Comercio Nacional culmin\u00f3 este viernes una jornada de Gobierno de Calle en los municipios Miranda (Calabozo), Monagas (Altagracia de Orituco), Infante (Valle de la Pascua) y Roscio (San Juan de los Morros), del estado Gu\u00e1rico; d\u00f3nde brind\u00f3 atenci\u00f3n a 646 productores, comerciantes, emprendedores y empresarios. Durante la jornada, las &hellip;<\/p>\n","protected":false},"author":5,"featured_media":1414,"comment_status":"closed","ping_status":"open","sticky":false,"template":"","format":"standard","meta":{"footnotes":""},"categories":[1],"tags":[],"class_list":["post-1413","post","type-post","status-publish","format-standard","has-post-thumbnail","hentry","category-prensa"],"jetpack_featured_media_url":"https:\/\/i0.wp.com\/mincomercionacional.gob.ve\/wp-content\/uploads\/2019\/12\/IMG-20191206-WA0112.jpg?fit=960%2C640&ssl=1","jetpack_shortlink":"https:\/\/wp.me\/pbvjg9-mN","_links":{"self":[{"href":"https:\/\/mincomercionacional.gob.ve\/index.php?rest_route=\/wp\/v2\/posts\/1413","targetHints":{"allow":["GET"]}}],"collection":[{"href":"https:\/\/mincomercionacional.gob.ve\/index.php?rest_route=\/wp\/v2\/posts"}],"about":[{"href":"https:\/\/mincomercionacional.gob.ve\/index.php?rest_route=\/wp\/v2\/types\/post"}],"author":[{"embeddable":true,"href":"https:\/\/mincomercionacional.gob.ve\/index.php?rest_route=\/wp\/v2\/users\/5"}],"replies":[{"embeddable":true,"href":"https:\/\/mincomercionacional.gob.ve\/index.php?rest_route=%2Fwp%2Fv2%2Fcomments&post=1413"}],"version-history":[{"count":1,"href":"https:\/\/mincomercionacional.gob.ve\/index.php?rest_route=\/wp\/v2\/posts\/1413\/revisions"}],"predecessor-version":[{"id":1415,"href":"https:\/\/mincomercionacional.gob.ve\/index.php?rest_route=\/wp\/v2\/posts\/1413\/revisions\/1415"}],"wp:featuredmedia":[{"embeddable":true,"href":"https:\/\/mincomercionacional.gob.ve\/index.php?rest_route=\/wp\/v2\/media\/1414"}],"wp:attachment":[{"href":"https:\/\/mincomercionacional.gob.ve\/index.php?rest_route=%2Fwp%2Fv2%2Fmedia&parent=1413"}],"wp:term":[{"taxonomy":"category","embeddable":true,"href":"https:\/\/mincomercionacional.gob.ve\/index.php?rest_route=%2Fwp%2Fv2%2Fcategories&post=1413"},{"taxonomy":"post_tag","embeddable":true,"href":"https:\/\/mincomercionacional.gob.ve\/index.php?rest_route=%2Fwp%2Fv2%2Ftags&post=1413"}],"curies":[{"name":"wp","href":"https:\/\/api.w.org\/{rel}","templated":true}]}}