{"id":13843,"date":"2023-01-31T11:06:22","date_gmt":"2023-01-31T15:06:22","guid":{"rendered":"http:\/\/mincomercionacional.gob.ve\/?p=13843"},"modified":"2023-01-31T11:06:22","modified_gmt":"2023-01-31T15:06:22","slug":"vicepresidentes-sectoriales-evaluaron-plan-estrategico-2023","status":"publish","type":"post","link":"https:\/\/mincomercionacional.gob.ve\/?p=13843","title":{"rendered":"Vicepresidentes sectoriales evaluaron Plan Estrat\u00e9gico 2023"},"content":{"rendered":"<p style=\"text-align: justify;\">El Consejo de Vicepresidentes Sectoriales evalu\u00f3 el Plan Estrat\u00e9gico 2023, en un encuentro liderado por la vicepresidenta ejecutiva, Delcy Rodr\u00edguez.<\/p>\n<p style=\"text-align: justify;\">Revisaron y discutieron las estrategias pol\u00edticas, econ\u00f3micas y sociales que adelanta el Gobierno Bolivariano.<\/p>\n<p style=\"text-align: justify;\">En el \u00e1rea social revisaron el sistema de Misiones y Grandes Misiones Sociales, el cual ser\u00e1 reforzado este a\u00f1o.<\/p>\n<p style=\"text-align: justify;\">El sector transporte, es otra \u00e1rea priorizada, el Ejecutivo impulsa un plan de vialidad que retomar\u00e1 el mantenimiento vial, especialmente en comunidades rurales y agr\u00edcolas.<\/p>\n<p style=\"text-align: justify;\">Los Vicepresidentes Sectoriales hicieron seguimiento a las Brigadas Comunitarias Militares (Bricomiles) de salud que siguen desplegadas en labores integrales de restauraci\u00f3n, mantenimiento y adecuaci\u00f3n de los centros de salud y la recuperaci\u00f3n de Barrio Adentro I y II.<\/p>\n<p style=\"text-align: justify;\">En general, realizaron una revisi\u00f3n y evaluaci\u00f3n de las \u00e1reas priorizadas, entre ellas: salud, educaci\u00f3n, electricidad y telecomunicaciones, para avanzar en el mapa de soluciones para el pueblo.<\/p>\n<p style=\"text-align: justify;\">\u00daltimas Noticias<\/p>\n","protected":false},"excerpt":{"rendered":"<p>El Consejo de Vicepresidentes Sectoriales evalu\u00f3 el Plan Estrat\u00e9gico 2023, en un encuentro liderado por la vicepresidenta ejecutiva, Delcy Rodr\u00edguez. Revisaron y discutieron las estrategias pol\u00edticas, econ\u00f3micas y sociales que adelanta el Gobierno Bolivariano. En el \u00e1rea social revisaron el sistema de Misiones y Grandes Misiones Sociales, el cual ser\u00e1 reforzado este a\u00f1o. El sector &hellip;<\/p>\n","protected":false},"author":12,"featured_media":13845,"comment_status":"closed","ping_status":"open","sticky":false,"template":"","format":"standard","meta":{"footnotes":""},"categories":[1,1257],"tags":[],"class_list":["post-13843","post","type-post","status-publish","format-standard","has-post-thumbnail","hentry","category-prensa","category-vp"],"jetpack_featured_media_url":"https:\/\/i0.wp.com\/mincomercionacional.gob.ve\/wp-content\/uploads\/2023\/01\/REUNION-DELCY-696x406-1.jpg?fit=696%2C406&ssl=1","jetpack_shortlink":"https:\/\/wp.me\/pbvjg9-3Bh","_links":{"self":[{"href":"https:\/\/mincomercionacional.gob.ve\/index.php?rest_route=\/wp\/v2\/posts\/13843","targetHints":{"allow":["GET"]}}],"collection":[{"href":"https:\/\/mincomercionacional.gob.ve\/index.php?rest_route=\/wp\/v2\/posts"}],"about":[{"href":"https:\/\/mincomercionacional.gob.ve\/index.php?rest_route=\/wp\/v2\/types\/post"}],"author":[{"embeddable":true,"href":"https:\/\/mincomercionacional.gob.ve\/index.php?rest_route=\/wp\/v2\/users\/12"}],"replies":[{"embeddable":true,"href":"https:\/\/mincomercionacional.gob.ve\/index.php?rest_route=%2Fwp%2Fv2%2Fcomments&post=13843"}],"version-history":[{"count":1,"href":"https:\/\/mincomercionacional.gob.ve\/index.php?rest_route=\/wp\/v2\/posts\/13843\/revisions"}],"predecessor-version":[{"id":13846,"href":"https:\/\/mincomercionacional.gob.ve\/index.php?rest_route=\/wp\/v2\/posts\/13843\/revisions\/13846"}],"wp:featuredmedia":[{"embeddable":true,"href":"https:\/\/mincomercionacional.gob.ve\/index.php?rest_route=\/wp\/v2\/media\/13845"}],"wp:attachment":[{"href":"https:\/\/mincomercionacional.gob.ve\/index.php?rest_route=%2Fwp%2Fv2%2Fmedia&parent=13843"}],"wp:term":[{"taxonomy":"category","embeddable":true,"href":"https:\/\/mincomercionacional.gob.ve\/index.php?rest_route=%2Fwp%2Fv2%2Fcategories&post=13843"},{"taxonomy":"post_tag","embeddable":true,"href":"https:\/\/mincomercionacional.gob.ve\/index.php?rest_route=%2Fwp%2Fv2%2Ftags&post=13843"}],"curies":[{"name":"wp","href":"https:\/\/api.w.org\/{rel}","templated":true}]}}