{"id":11322,"date":"2022-08-08T10:41:00","date_gmt":"2022-08-08T14:41:00","guid":{"rendered":"http:\/\/mincomercionacional.gob.ve\/?p=11322"},"modified":"2022-08-08T10:41:00","modified_gmt":"2022-08-08T14:41:00","slug":"sapi-conmemora-natalicio-de-simon-diaz-primer-compositor-musical-en-proteger-sus-obras","status":"publish","type":"post","link":"https:\/\/mincomercionacional.gob.ve\/?p=11322","title":{"rendered":"SAPI conmemora natalicio de Sim\u00f3n D\u00edaz, primer compositor musical en proteger sus obras"},"content":{"rendered":"<p style=\"text-align: justify;\">Este 8 de agosto se conmemora el natalicio del emblem\u00e1tico m\u00fasico, compositor e int\u00e9rprete venezolano Sim\u00f3n D\u00edaz, hijo del maestro y tambi\u00e9n m\u00fasico Juan D\u00edaz y de Do\u00f1a Mar\u00eda M\u00e1rquez de D\u00edaz.<\/p>\n<p style=\"text-align: justify;\">El recordado \u201cT\u00edo Sim\u00f3n\u201d, conocido por el rescate de la \u201cTonada Llanera\u201d, fue el primer cantautor en proteger una obra de su autor\u00eda en el Servicio Aut\u00f3nomo de la Propiedad Intelectual (SAPI), ente adscrito al Ministerio del Poder Popular de Comercio Nacional, con su canci\u00f3n \u201cCaballo viejo\u201d, el 09 de mayo de 1996 a trav\u00e9s de la Direcci\u00f3n Nacional de Derecho de Autor.<\/p>\n<p style=\"text-align: justify;\">Dicha pieza logr\u00f3 un reconocimiento internacional, con la traducci\u00f3n en 12 idiomas, adem\u00e1s de ser versionada en distintos g\u00e9neros por m\u00e1s de 300 artistas, grandes exponentes musicales, entre quienes figuran Ray Connif, Julio Iglesias, Armando Manzanero, Celia Cruz, Pl\u00e1cido Domingo, Jos\u00e9 Feliciano, Gilberto Santa Rosa y Oscar D\u2019 Le\u00f3n, entre otros.<\/p>\n<p><img data-recalc-dims=\"1\" loading=\"lazy\" decoding=\"async\" data-attachment-id=\"11324\" data-permalink=\"https:\/\/mincomercionacional.gob.ve\/?attachment_id=11324\" data-orig-file=\"https:\/\/i0.wp.com\/mincomercionacional.gob.ve\/wp-content\/uploads\/2022\/08\/simondiaz.jpg?fit=1200%2C900&amp;ssl=1\" data-orig-size=\"1200,900\" data-comments-opened=\"0\" data-image-meta=\"{&quot;aperture&quot;:&quot;0&quot;,&quot;credit&quot;:&quot;&quot;,&quot;camera&quot;:&quot;COACH&quot;,&quot;caption&quot;:&quot;My beautiful picture&quot;,&quot;created_timestamp&quot;:&quot;0&quot;,&quot;copyright&quot;:&quot;Copyright 2002&quot;,&quot;focal_length&quot;:&quot;0&quot;,&quot;iso&quot;:&quot;0&quot;,&quot;shutter_speed&quot;:&quot;0.088279783725739&quot;,&quot;title&quot;:&quot;My beautiful picture&quot;,&quot;orientation&quot;:&quot;1&quot;}\" data-image-title=\"My beautiful picture\" data-image-description=\"\" data-image-caption=\"\" data-medium-file=\"https:\/\/i0.wp.com\/mincomercionacional.gob.ve\/wp-content\/uploads\/2022\/08\/simondiaz.jpg?fit=300%2C225&amp;ssl=1\" data-large-file=\"https:\/\/i0.wp.com\/mincomercionacional.gob.ve\/wp-content\/uploads\/2022\/08\/simondiaz.jpg?fit=1024%2C768&amp;ssl=1\" class=\"alignnone size-full wp-image-11324\" src=\"https:\/\/i0.wp.com\/mincomercionacional.gob.ve\/wp-content\/uploads\/2022\/08\/simondiaz.jpg?resize=1200%2C900\" alt=\"\" width=\"1200\" height=\"900\" \/><\/p>\n<p style=\"text-align: justify;\">En esta fecha tan emotiva, los venezolanos honran el legado que dej\u00f3 el int\u00e9rprete de \u201cMercedes\u201d, as\u00ed como el apoyo a los nuevos exponentes de la m\u00fasica a ni\u00f1os y j\u00f3venes.<\/p>\n<p style=\"text-align: justify;\">Asimismo, a trav\u00e9s del SAPI y por instrucciones de la ministra de Comercio Nacional, Dheliz \u00c1lvarez, recordamos a los creadores y cultores la importancia de proteger cada obra para garantizar la exclusividad de sus ideas, pueden obtener m\u00e1s informaci\u00f3n acerca de los servicios en nuestro sitio web: sapi.gob.ve<\/p>\n","protected":false},"excerpt":{"rendered":"<p>Este 8 de agosto se conmemora el natalicio del emblem\u00e1tico m\u00fasico, compositor e int\u00e9rprete venezolano Sim\u00f3n D\u00edaz, hijo del maestro y tambi\u00e9n m\u00fasico Juan D\u00edaz y de Do\u00f1a Mar\u00eda M\u00e1rquez de D\u00edaz. El recordado \u201cT\u00edo Sim\u00f3n\u201d, conocido por el rescate de la \u201cTonada Llanera\u201d, fue el primer cantautor en proteger una obra de su autor\u00eda &hellip;<\/p>\n","protected":false},"author":12,"featured_media":11323,"comment_status":"closed","ping_status":"open","sticky":false,"template":"","format":"standard","meta":{"footnotes":""},"categories":[79],"tags":[178,173,1111,75,174,39],"class_list":["post-11322","post","type-post","status-publish","format-standard","has-post-thumbnail","hentry","category-noticias","tag-caballo-viejo","tag-derecho-de-autor","tag-natalicio","tag-sapi","tag-simon-diaz","tag-venezuela"],"jetpack_featured_media_url":"https:\/\/i0.wp.com\/mincomercionacional.gob.ve\/wp-content\/uploads\/2022\/08\/WhatsApp-Image-2022-08-08-at-10.27.21-AM.jpeg?fit=1280%2C852&ssl=1","jetpack_shortlink":"https:\/\/wp.me\/pbvjg9-2WC","_links":{"self":[{"href":"https:\/\/mincomercionacional.gob.ve\/index.php?rest_route=\/wp\/v2\/posts\/11322","targetHints":{"allow":["GET"]}}],"collection":[{"href":"https:\/\/mincomercionacional.gob.ve\/index.php?rest_route=\/wp\/v2\/posts"}],"about":[{"href":"https:\/\/mincomercionacional.gob.ve\/index.php?rest_route=\/wp\/v2\/types\/post"}],"author":[{"embeddable":true,"href":"https:\/\/mincomercionacional.gob.ve\/index.php?rest_route=\/wp\/v2\/users\/12"}],"replies":[{"embeddable":true,"href":"https:\/\/mincomercionacional.gob.ve\/index.php?rest_route=%2Fwp%2Fv2%2Fcomments&post=11322"}],"version-history":[{"count":1,"href":"https:\/\/mincomercionacional.gob.ve\/index.php?rest_route=\/wp\/v2\/posts\/11322\/revisions"}],"predecessor-version":[{"id":11325,"href":"https:\/\/mincomercionacional.gob.ve\/index.php?rest_route=\/wp\/v2\/posts\/11322\/revisions\/11325"}],"wp:featuredmedia":[{"embeddable":true,"href":"https:\/\/mincomercionacional.gob.ve\/index.php?rest_route=\/wp\/v2\/media\/11323"}],"wp:attachment":[{"href":"https:\/\/mincomercionacional.gob.ve\/index.php?rest_route=%2Fwp%2Fv2%2Fmedia&parent=11322"}],"wp:term":[{"taxonomy":"category","embeddable":true,"href":"https:\/\/mincomercionacional.gob.ve\/index.php?rest_route=%2Fwp%2Fv2%2Fcategories&post=11322"},{"taxonomy":"post_tag","embeddable":true,"href":"https:\/\/mincomercionacional.gob.ve\/index.php?rest_route=%2Fwp%2Fv2%2Ftags&post=11322"}],"curies":[{"name":"wp","href":"https:\/\/api.w.org\/{rel}","templated":true}]}}