{"id":11126,"date":"2022-07-25T16:04:00","date_gmt":"2022-07-25T20:04:00","guid":{"rendered":"http:\/\/mincomercionacional.gob.ve\/?p=11126"},"modified":"2022-07-25T20:38:01","modified_gmt":"2022-07-26T00:38:01","slug":"seniat-realizo-formacion-a-trabajadores-del-mincomercio-en-aplicacion-del-igtf","status":"publish","type":"post","link":"https:\/\/mincomercionacional.gob.ve\/?p=11126","title":{"rendered":"Seniat realiz\u00f3 formaci\u00f3n  a trabajadores del Mincomercio en aplicaci\u00f3n del IGTF"},"content":{"rendered":"<p style=\"text-align: justify;\">El prop\u00f3sito de este taller de formaci\u00f3n, fue proporcionar al personal del Ministerio @mincomnacional y sus entes adscritos, el conocimiento global y detallado sobre la aplicaci\u00f3n del Impuesto a las Grandes Transacciones Financieras (IGTF) en contribuyentes especiales.<\/p>\n<p style=\"text-align: justify;\">Mar\u00eda Fernanda Luna, Jefa del Centro de Estudios Fiscales del Servicio Nacional Integrado de Administraci\u00f3n Aduanera y Tributaria (Seniat), indic\u00f3 durante su ponencia que \u00ab<em>son agentes de percepci\u00f3n del IGTF, las empresas o personas jur\u00eddicas que han sido calificados como contribuyentes especiales o sujetos pasivos especiales por el seniat<\/em>\u00ab.<\/p>\n<p style=\"text-align: justify;\">Adem\u00e1s explic\u00f3 que no existe un l\u00edmite espec\u00edfico para que se aplique este impuesto.<\/p>\n<p class=\"jetpack-slideshow-noscript robots-nocontent\">El pase de diapositivas requiere JavaScript.<\/p><div id=\"gallery-11126-1-slideshow\" class=\"jetpack-slideshow-window jetpack-slideshow jetpack-slideshow-black\" data-trans=\"fade\" data-autostart=\"1\" data-gallery=\"[{&quot;src&quot;:&quot;https:\\\/\\\/i0.wp.com\\\/mincomercionacional.gob.ve\\\/wp-content\\\/uploads\\\/2022\\\/07\\\/photo_5114132613387365283_y.jpg?fit=1080%2C720\\u0026ssl=1&quot;,&quot;id&quot;:&quot;11130&quot;,&quot;title&quot;:&quot;photo_5114132613387365283_y&quot;,&quot;alt&quot;:&quot;&quot;,&quot;caption&quot;:&quot;&quot;,&quot;itemprop&quot;:&quot;image&quot;},{&quot;src&quot;:&quot;https:\\\/\\\/i0.wp.com\\\/mincomercionacional.gob.ve\\\/wp-content\\\/uploads\\\/2022\\\/07\\\/photo_5114132613387365285_y.jpg?fit=1080%2C720\\u0026ssl=1&quot;,&quot;id&quot;:&quot;11129&quot;,&quot;title&quot;:&quot;photo_5114132613387365285_y&quot;,&quot;alt&quot;:&quot;&quot;,&quot;caption&quot;:&quot;&quot;,&quot;itemprop&quot;:&quot;image&quot;},{&quot;src&quot;:&quot;https:\\\/\\\/i0.wp.com\\\/mincomercionacional.gob.ve\\\/wp-content\\\/uploads\\\/2022\\\/07\\\/photo_5114132613387365282_y.jpg?fit=1080%2C720\\u0026ssl=1&quot;,&quot;id&quot;:&quot;11127&quot;,&quot;title&quot;:&quot;photo_5114132613387365282_y&quot;,&quot;alt&quot;:&quot;&quot;,&quot;caption&quot;:&quot;&quot;,&quot;itemprop&quot;:&quot;image&quot;},{&quot;src&quot;:&quot;https:\\\/\\\/i0.wp.com\\\/mincomercionacional.gob.ve\\\/wp-content\\\/uploads\\\/2022\\\/07\\\/photo_5114132613387365281_y.jpg?fit=960%2C540\\u0026ssl=1&quot;,&quot;id&quot;:&quot;11131&quot;,&quot;title&quot;:&quot;photo_5114132613387365281_y&quot;,&quot;alt&quot;:&quot;&quot;,&quot;caption&quot;:&quot;&quot;,&quot;itemprop&quot;:&quot;image&quot;}]\" itemscope itemtype=\"https:\/\/schema.org\/ImageGallery\"><\/div>\n<p style=\"text-align: justify;\">\u00ab<em>El usuario debe verificar en su factura que est\u00e9 reflejado el cobro del 3% del IGTF, para poder constatar que se esta haciendo el proceso ajustado a la ley<\/em> \u00bb destac\u00f3 la funcionaria.<\/p>\n<p style=\"text-align: justify;\">Estas conferencias se est\u00e1n realizando en instituciones publicas y privadas.<\/p>\n<p style=\"text-align: justify;\">Es importante recordar que en febrero pasado, se realiz\u00f3 una modificaci\u00f3n en la Ley de Reforma Parcial del Decreto con Rango, Valor y Fuerza de Ley de Impuesto a las Grandes Transacciones Financieras en Gaceta oficial N\u00b06.687 de fecha 25\/02\/2022.<\/p>\n","protected":false},"excerpt":{"rendered":"<p>El prop\u00f3sito de este taller de formaci\u00f3n, fue proporcionar al personal del Ministerio @mincomnacional y sus entes adscritos, el conocimiento global y detallado sobre la aplicaci\u00f3n del Impuesto a las Grandes Transacciones Financieras (IGTF) en contribuyentes especiales. Mar\u00eda Fernanda Luna, Jefa del Centro de Estudios Fiscales del Servicio Nacional Integrado de Administraci\u00f3n Aduanera y Tributaria &hellip;<\/p>\n","protected":false},"author":12,"featured_media":11128,"comment_status":"closed","ping_status":"open","sticky":false,"template":"","format":"standard","meta":{"footnotes":""},"categories":[79],"tags":[223,1102,34,476,39],"class_list":["post-11126","post","type-post","status-publish","format-standard","has-post-thumbnail","hentry","category-noticias","tag-caracas","tag-impuesto-a-grandes-transacciones-financieras","tag-ministerio-de-comercio-nacional","tag-seniat","tag-venezuela"],"jetpack_featured_media_url":"https:\/\/i0.wp.com\/mincomercionacional.gob.ve\/wp-content\/uploads\/2022\/07\/photo_5114132613387365284_y.jpg?fit=1080%2C810&ssl=1","jetpack_shortlink":"https:\/\/wp.me\/pbvjg9-2Ts","_links":{"self":[{"href":"https:\/\/mincomercionacional.gob.ve\/index.php?rest_route=\/wp\/v2\/posts\/11126","targetHints":{"allow":["GET"]}}],"collection":[{"href":"https:\/\/mincomercionacional.gob.ve\/index.php?rest_route=\/wp\/v2\/posts"}],"about":[{"href":"https:\/\/mincomercionacional.gob.ve\/index.php?rest_route=\/wp\/v2\/types\/post"}],"author":[{"embeddable":true,"href":"https:\/\/mincomercionacional.gob.ve\/index.php?rest_route=\/wp\/v2\/users\/12"}],"replies":[{"embeddable":true,"href":"https:\/\/mincomercionacional.gob.ve\/index.php?rest_route=%2Fwp%2Fv2%2Fcomments&post=11126"}],"version-history":[{"count":4,"href":"https:\/\/mincomercionacional.gob.ve\/index.php?rest_route=\/wp\/v2\/posts\/11126\/revisions"}],"predecessor-version":[{"id":11138,"href":"https:\/\/mincomercionacional.gob.ve\/index.php?rest_route=\/wp\/v2\/posts\/11126\/revisions\/11138"}],"wp:featuredmedia":[{"embeddable":true,"href":"https:\/\/mincomercionacional.gob.ve\/index.php?rest_route=\/wp\/v2\/media\/11128"}],"wp:attachment":[{"href":"https:\/\/mincomercionacional.gob.ve\/index.php?rest_route=%2Fwp%2Fv2%2Fmedia&parent=11126"}],"wp:term":[{"taxonomy":"category","embeddable":true,"href":"https:\/\/mincomercionacional.gob.ve\/index.php?rest_route=%2Fwp%2Fv2%2Fcategories&post=11126"},{"taxonomy":"post_tag","embeddable":true,"href":"https:\/\/mincomercionacional.gob.ve\/index.php?rest_route=%2Fwp%2Fv2%2Ftags&post=11126"}],"curies":[{"name":"wp","href":"https:\/\/api.w.org\/{rel}","templated":true}]}}