{"id":10807,"date":"2022-06-30T16:42:25","date_gmt":"2022-06-30T20:42:25","guid":{"rendered":"http:\/\/mincomercionacional.gob.ve\/?p=10807"},"modified":"2022-11-28T16:28:45","modified_gmt":"2022-11-28T20:28:45","slug":"la-almacenadora-caracas-arriba-a-sus-75-anos-de-servicios","status":"publish","type":"post","link":"https:\/\/mincomercionacional.gob.ve\/?p=10807","title":{"rendered":"La Almacenadora Caracas arriba a sus 75\u00b0 a\u00f1os de servicios"},"content":{"rendered":"<p style=\"text-align: justify;\">La Empresa estatal Almacenadora Caracas. CA, adscrita al Ministerio del Poder Popular de Comercio Nacional, arriba este 30 de junio de 2022 sus 75\u00b0 A\u00f1os de Servicios en Almacenaje, Log\u00edstica y Agenciamiento Aduanero, gracias al compromiso de sus trabajadoras, trabajadores y el ejecutivo nacional para impulsar el sector econ\u00f3mico del pa\u00eds.<\/p>\n<p style=\"text-align: justify;\">Esta instituci\u00f3n inici\u00f3 sus operaciones en la actual Sucursal Catia en el a\u00f1o en 1974, posteriormente la empresa expandi\u00f3 su presencia en los estados integrando a las Filiales; Carabobo y Puerto Cabello del estado Carabobo, la Filial Centro, ubicada en el estado Aragua tambi\u00e9n para complementar las Sucursales Porlamar ubicada en Nueva Esparta y Catia en la ciudad de Caracas, incrementando as\u00ed su musculo operativo.<\/p>\n<p style=\"text-align: justify;\">Bajo el liderazgo del May. Luis Villegas Ram\u00edrez se logr\u00f3 potenciar la gesti\u00f3n administrativa y estructural marcando una nueva vertiente y m\u00e1s adelante en el 2015 se incorpora el servicio de Agenciamiento Aduanero, el cual fortaleci\u00f3 de manera integral los servicios iniciales que prestaba la Almacenadora Caracas para expandir el servicio comercial adaptado a las necesidades productivas del pa\u00eds.<\/p>\n<p style=\"text-align: justify;\">En la actualidad se lleva a cabo el Plan de Mejoras que permite mantener la empresa en los est\u00e1ndares de alto nivel as\u00ed como apoyar a las pol\u00edticas de bienestar social del Gobierno Bolivariano como los son El Plan Z, Plan Escolar, Navidades Felices y el Plan Caracas Patriota Bella y Segura entre otros.<\/p>\n<p style=\"text-align: justify;\">Almacenadora Caracas ofrece un servicio de calidad garantizado, con seguridad y respaldo gracias a las alianzas estrat\u00e9gicas entre el sector p\u00fablico y privado en el marco del Plan Estrat\u00e9gico de Reimpulso del Comercio Nacional que lidera Dheliz \u00c1lvarez, Ministra del Poder Popular de Comercio Nacional, de la mano con el Presidente de la Rep\u00fablica Bolivariana de Venezuela, Nicol\u00e1s Maduro, en ejecuci\u00f3n de la estrategia 3R. Nets y del Buen Gobierno.<\/p>\n","protected":false},"excerpt":{"rendered":"<p>La Empresa estatal Almacenadora Caracas. CA, adscrita al Ministerio del Poder Popular de Comercio Nacional, arriba este 30 de junio de 2022 sus 75\u00b0 A\u00f1os de Servicios en Almacenaje, Log\u00edstica y Agenciamiento Aduanero, gracias al compromiso de sus trabajadoras, trabajadores y el ejecutivo nacional para impulsar el sector econ\u00f3mico del pa\u00eds. Esta instituci\u00f3n inici\u00f3 sus &hellip;<\/p>\n","protected":false},"author":14,"featured_media":10809,"comment_status":"closed","ping_status":"open","sticky":false,"template":"","format":"standard","meta":{"footnotes":""},"categories":[1256,79,1],"tags":[622,55,736,1093,34,1094],"class_list":["post-10807","post","type-post","status-publish","format-standard","has-post-thumbnail","hentry","category-comercio-nacional","category-noticias","category-prensa","tag-aniversario","tag-almacenadora-caracas","tag-dheliz-alvarez","tag-gobierno-nacional","tag-ministerio-de-comercio-nacional","tag-plan-estrategico"],"jetpack_featured_media_url":"https:\/\/i0.wp.com\/mincomercionacional.gob.ve\/wp-content\/uploads\/2022\/06\/IMG-20220630-WA0066.jpg?fit=1080%2C607&ssl=1","jetpack_shortlink":"https:\/\/wp.me\/pbvjg9-2Oj","_links":{"self":[{"href":"https:\/\/mincomercionacional.gob.ve\/index.php?rest_route=\/wp\/v2\/posts\/10807","targetHints":{"allow":["GET"]}}],"collection":[{"href":"https:\/\/mincomercionacional.gob.ve\/index.php?rest_route=\/wp\/v2\/posts"}],"about":[{"href":"https:\/\/mincomercionacional.gob.ve\/index.php?rest_route=\/wp\/v2\/types\/post"}],"author":[{"embeddable":true,"href":"https:\/\/mincomercionacional.gob.ve\/index.php?rest_route=\/wp\/v2\/users\/14"}],"replies":[{"embeddable":true,"href":"https:\/\/mincomercionacional.gob.ve\/index.php?rest_route=%2Fwp%2Fv2%2Fcomments&post=10807"}],"version-history":[{"count":1,"href":"https:\/\/mincomercionacional.gob.ve\/index.php?rest_route=\/wp\/v2\/posts\/10807\/revisions"}],"predecessor-version":[{"id":10808,"href":"https:\/\/mincomercionacional.gob.ve\/index.php?rest_route=\/wp\/v2\/posts\/10807\/revisions\/10808"}],"wp:featuredmedia":[{"embeddable":true,"href":"https:\/\/mincomercionacional.gob.ve\/index.php?rest_route=\/wp\/v2\/media\/10809"}],"wp:attachment":[{"href":"https:\/\/mincomercionacional.gob.ve\/index.php?rest_route=%2Fwp%2Fv2%2Fmedia&parent=10807"}],"wp:term":[{"taxonomy":"category","embeddable":true,"href":"https:\/\/mincomercionacional.gob.ve\/index.php?rest_route=%2Fwp%2Fv2%2Fcategories&post=10807"},{"taxonomy":"post_tag","embeddable":true,"href":"https:\/\/mincomercionacional.gob.ve\/index.php?rest_route=%2Fwp%2Fv2%2Ftags&post=10807"}],"curies":[{"name":"wp","href":"https:\/\/api.w.org\/{rel}","templated":true}]}}